{"id":2321,"date":"2025-11-09T19:36:42","date_gmt":"2025-11-09T22:36:42","guid":{"rendered":"https:\/\/gifukenjinkai.org.br\/21expo\/?p=2321"},"modified":"2025-11-13T11:53:29","modified_gmt":"2025-11-13T14:53:29","slug":"guardiaodamemoria","status":"publish","type":"post","link":"https:\/\/gifukenjinkai.org.br\/21expo\/artist-mz\/marcosryo\/guardiaodamemoria\/","title":{"rendered":"Guardi\u00e3o da mem\u00f3ria"},"content":{"rendered":"\n<figure class=\"wp-block-image size-full\"><img loading=\"lazy\" decoding=\"async\" width=\"1551\" height=\"2160\" src=\"https:\/\/gifukenjinkai.org.br\/wp_expo\/wp-content\/uploads\/expo2025_art_MarcosRyo_1_GuardiaoDaMemoria_conv2K.jpg\" alt=\"\" class=\"wp-image-1903\" srcset=\"https:\/\/gifukenjinkai.org.br\/wp_expo\/wp-content\/uploads\/expo2025_art_MarcosRyo_1_GuardiaoDaMemoria_conv2K.jpg 1551w, https:\/\/gifukenjinkai.org.br\/wp_expo\/wp-content\/uploads\/expo2025_art_MarcosRyo_1_GuardiaoDaMemoria_conv2K-215x300.jpg 215w, https:\/\/gifukenjinkai.org.br\/wp_expo\/wp-content\/uploads\/expo2025_art_MarcosRyo_1_GuardiaoDaMemoria_conv2K-735x1024.jpg 735w, https:\/\/gifukenjinkai.org.br\/wp_expo\/wp-content\/uploads\/expo2025_art_MarcosRyo_1_GuardiaoDaMemoria_conv2K-768x1070.jpg 768w, https:\/\/gifukenjinkai.org.br\/wp_expo\/wp-content\/uploads\/expo2025_art_MarcosRyo_1_GuardiaoDaMemoria_conv2K-1103x1536.jpg 1103w, https:\/\/gifukenjinkai.org.br\/wp_expo\/wp-content\/uploads\/expo2025_art_MarcosRyo_1_GuardiaoDaMemoria_conv2K-1471x2048.jpg 1471w\" sizes=\"auto, (max-width: 1551px) 100vw, 1551px\" \/><\/figure>\n\n\n\n<p>2023<br><br>23cm x 17cm<\/p>\n\n\n\n<hr class=\"wp-block-separator has-alpha-channel-opacity\"\/>\n\n\n<div data-post-id=\"135\" class=\"insert-page insert-page-135 \">\n<h2 class=\"wp-block-heading\">MARCOS RYO<br>(\u30de\u30eb\u30b3\u30b9\uff65\u4eae)<\/h2>\n\n\n\n<p class=\"has-text-align-right\"> <a href=\"https:\/\/www.instagram.com\/marcos_ryo\" target=\"_blank\" rel=\"noreferrer noopener\">marcos_ryo<\/a><\/p>\n\n\n\n\n\n\n\n<p>Artista visual, \u00e9 produtor, pesquisador, professor universit\u00e1rio, artista pl\u00e1stico e tatuador. Membro da comiss\u00e3o de artes pl\u00e1sticas do Bunkyo, e membro da comiss\u00e3o de artes da exposi\u00e7\u00e3o de interc\u00e2mbio nipo-brasileiro do Gifu Kenjinkai do Brasil e Consulado Geral do Jap\u00e3o em S\u00e3o Paulo. Transita do abstracionismo geom\u00e9trico ao figurativo. <br>Seus trabalhos se apropriam do conceito de upcycle art; utiliza a materialidade do videotape para produzir quadros e pain\u00e9is, ressignificando assim a continuidade da exist\u00eancia deste material e das mem\u00f3rias nelas contidas.<br>A s\u00e9rie mais recente, traz um pouco de uma est\u00e9tica da ru\u00edna, fazendo remiss\u00e3o uma narrativa sobre perman\u00eancia\/exist\u00eancia, a res\u00edduos culturais e fragmenta\u00e7\u00e3o das mem\u00f3rias. Evoca uma cosmologia h\u00edbrida, onde mito, natureza e tecnologia obsoleta se encontram.<\/p>\n\n\n\n<div style=\"height:64px\" aria-hidden=\"true\" id=\"jp\" class=\"wp-block-spacer\"><\/div>\n\n\n\n<p>\u30d3\u30b8\u30e5\u30a2\u30eb\u30a2\u30fc\u30c6\u30a3\u30b9\u30c8\u3067\u3042\u308a\u3001\u30d7\u30ed\u30c7\u30e5\u30fc\u30b5\u30fc\u3001\u7814\u7a76\u8005\u3001\u5927\u5b66\u8b1b\u5e2b\u3001\u9020\u5f62\u82b8\u8853\u30a2\u30fc\u30c6\u30a3\u30b9\u30c8\u3001\u30bf\u30c8\u30a5\u30fc\u30a2\u30fc\u30c6\u30a4\u30b9\u30c8\u3067\u3082\u3042\u308b\u3002<br>\u30d6\u30e9\u30b8\u30eb\u65e5\u672c\u6587\u5316\u798f\u7949\u5354\u4f1a\uff08\u6587\u5354\uff09\u7f8e\u8853\u59d4\u54e1\u4f1a\u59d4\u54e1\u3001\u30d6\u30e9\u30b8\u30eb\u5c90\u961c\u770c\u4eba\u4f1a\u30fb\u5728\u30b5\u30f3\u30d1\u30a6\u30ed\u65e5\u672c\u56fd\u7dcf\u9818\u4e8b\u9928\u5171\u50ac\u306e\u65e5\u4f2f\u53cb\u60c5\u4ea4\u6d41\u7d75\u753b\u5c55\u5b9f\u884c\u59d4\u54e1\u3092\u52d9\u3081\u3066\u3044\u308b\u3002<br>\u4f5c\u54c1\u306f\u56f3\u5f62\u306e\u62bd\u8c61\u7684\u306a\u306e\u3082\u306e\u304b\u3089\u5177\u8c61\u7684\u306a\u3082\u306e\u307e\u3067\u5e45\u5e83\u3044\u3002 \u30a2\u30c3\u30d7\u30b5\u30a4\u30af\u30eb\u30a2\u30fc\u30c8(upcycle art)\u3068\u3044\u3046\u30b3\u30f3\u30bb\u30d7\u30c8\u3067VHS\u30d3\u30c7\u30aa\u30c6\u30fc\u30d7\u306e\u7269\u8cea\u6027\u3092\u5229\u7528\u3057\u7d75\u753b\u3084\u30d1\u30cd\u30eb\u3092\u5236\u4f5c\u3001\u30c6\u30fc\u30d7\u306e\u5b58\u5728\u305d\u306e\u3082\u306e\u3068\u305d\u308c\u306b\u8a18\u9332\u3055\u308c\u3066\u3044\u308b\u601d\u3044\u51fa\u306b\u65b0\u305f\u306a\u610f\u5473\u3092\u4e0e\u3048\u308b\u3002<br>\u6700\u65b0\u306e\u30b3\u30ec\u30af\u30b7\u30e7\u30f3\u3067\u306f\u3001\u6b8b\u9ab8\u306e\u7f8e\u5b66\u3092\u308f\u305a\u304b\u306b\u7528\u3044\u308c\u3001\u6c38\u7d9a\u3068\u5b58\u5728\u3001\u6587\u5316\u306e\u6b8b\u7269\u3001\u8a18\u61b6\u306e\u65ad\u7247\u5316\u3092\u3081\u3050\u308b\u7269\u8a9e\u3092\u63d0\u793a\u3059\u308b\u3002 \u305d\u3053\u306b\u306f\u3001\u795e\u8a71\u3068\u81ea\u7136\u3068\u6642\u4ee3\u9045\u308c\u306e\u30c6\u30af\u30ce\u30ed\u30b8\u30fc\u304c\u4ea4\u932f\u3059\u308b\u30cf\u30a4\u30d6\u30ea\u30c3\u30c9\u306a\u5275\u751f\u8ad6\u304c\u547c\u3073\u899a\u307e\u3055\u308c\u308b\u3002<\/p>\n\n\n\n<div style=\"height:0px\" aria-hidden=\"true\" id=\"jp\" class=\"wp-block-spacer\"><\/div>\n\n\n\n<div style=\"height:64px\" aria-hidden=\"true\" class=\"wp-block-spacer\"><\/div>\n\n\n<ul class=\"wp-block-latest-posts__list is-grid columns-3 wp-block-latest-posts\"><li><div class=\"wp-block-latest-posts__featured-image\"><a href=\"https:\/\/gifukenjinkai.org.br\/21expo\/artist-mz\/marcosryo\/guardiaodamemoria\/\" aria-label=\"Guardi\u00e3o da mem\u00f3ria\"><img loading=\"lazy\" decoding=\"async\" width=\"150\" height=\"150\" src=\"https:\/\/gifukenjinkai.org.br\/wp_expo\/wp-content\/uploads\/expo2025_sq480_MarcosRyo_1_GuardiaoDaMemoria-150x150.png\" class=\"attachment-thumbnail size-thumbnail wp-post-image\" alt=\"\" style=\"\" srcset=\"https:\/\/gifukenjinkai.org.br\/wp_expo\/wp-content\/uploads\/expo2025_sq480_MarcosRyo_1_GuardiaoDaMemoria-150x150.png 150w, https:\/\/gifukenjinkai.org.br\/wp_expo\/wp-content\/uploads\/expo2025_sq480_MarcosRyo_1_GuardiaoDaMemoria-300x300.png 300w, https:\/\/gifukenjinkai.org.br\/wp_expo\/wp-content\/uploads\/expo2025_sq480_MarcosRyo_1_GuardiaoDaMemoria.png 480w\" sizes=\"auto, (max-width: 150px) 100vw, 150px\" \/><\/a><\/div><a class=\"wp-block-latest-posts__post-title\" href=\"https:\/\/gifukenjinkai.org.br\/21expo\/artist-mz\/marcosryo\/guardiaodamemoria\/\">Guardi\u00e3o da mem\u00f3ria<\/a><\/li>\n<\/ul>\n\n\n<p><\/p>\n<\/div>\n\n\n<p><\/p>\n","protected":false},"excerpt":{"rendered":"<p>2023<br \/>[xyz-ihs snippet=\"tecnicaMista\"]<br \/>23cm x 17cm<\/p>\n<p>Marcos Ryo<br \/>(\u30de\u30eb\u30b3\u30b9 \u4eae)<\/p>\n[xyz-ihs snippet=\"tagMembroComite-S\"]\n","protected":false},"author":5,"featured_media":1991,"comment_status":"closed","ping_status":"open","sticky":false,"template":"","format":"standard","meta":{"_uag_custom_page_level_css":"","site-sidebar-layout":"default","site-content-layout":"","ast-site-content-layout":"default","site-content-style":"default","site-sidebar-style":"default","ast-global-header-display":"","ast-banner-title-visibility":"","ast-main-header-display":"","ast-hfb-above-header-display":"","ast-hfb-below-header-display":"","ast-hfb-mobile-header-display":"","site-post-title":"","ast-breadcrumbs-content":"","ast-featured-img":"disabled","footer-sml-layout":"","ast-disable-related-posts":"","theme-transparent-header-meta":"","adv-header-id-meta":"","stick-header-meta":"","header-above-stick-meta":"","header-main-stick-meta":"","header-below-stick-meta":"","astra-migrate-meta-layouts":"default","ast-page-background-enabled":"default","ast-page-background-meta":{"desktop":{"background-color":"var(--ast-global-color-4)","background-image":"","background-repeat":"repeat","background-position":"center center","background-size":"auto","background-attachment":"scroll","background-type":"","background-media":"","overlay-type":"","overlay-color":"","overlay-opacity":"","overlay-gradient":""},"tablet":{"background-color":"","background-image":"","background-repeat":"repeat","background-position":"center center","background-size":"auto","background-attachment":"scroll","background-type":"","background-media":"","overlay-type":"","overlay-color":"","overlay-opacity":"","overlay-gradient":""},"mobile":{"background-color":"","background-image":"","background-repeat":"repeat","background-position":"center center","background-size":"auto","background-attachment":"scroll","background-type":"","background-media":"","overlay-type":"","overlay-color":"","overlay-opacity":"","overlay-gradient":""}},"ast-content-background-meta":{"desktop":{"background-color":"var(--ast-global-color-5)","background-image":"","background-repeat":"repeat","background-position":"center center","background-size":"auto","background-attachment":"scroll","background-type":"","background-media":"","overlay-type":"","overlay-color":"","overlay-opacity":"","overlay-gradient":""},"tablet":{"background-color":"var(--ast-global-color-5)","background-image":"","background-repeat":"repeat","background-position":"center center","background-size":"auto","background-attachment":"scroll","background-type":"","background-media":"","overlay-type":"","overlay-color":"","overlay-opacity":"","overlay-gradient":""},"mobile":{"background-color":"var(--ast-global-color-5)","background-image":"","background-repeat":"repeat","background-position":"center center","background-size":"auto","background-attachment":"scroll","background-type":"","background-media":"","overlay-type":"","overlay-color":"","overlay-opacity":"","overlay-gradient":""}},"footnotes":""},"categories":[13],"tags":[],"class_list":["post-2321","post","type-post","status-publish","format-standard","has-post-thumbnail","hentry","category-marcosryo"],"uagb_featured_image_src":{"full":["https:\/\/gifukenjinkai.org.br\/wp_expo\/wp-content\/uploads\/expo2025_sq480_MarcosRyo_1_GuardiaoDaMemoria.png",480,480,false],"thumbnail":["https:\/\/gifukenjinkai.org.br\/wp_expo\/wp-content\/uploads\/expo2025_sq480_MarcosRyo_1_GuardiaoDaMemoria-150x150.png",150,150,true],"medium":["https:\/\/gifukenjinkai.org.br\/wp_expo\/wp-content\/uploads\/expo2025_sq480_MarcosRyo_1_GuardiaoDaMemoria-300x300.png",300,300,true],"medium_large":["https:\/\/gifukenjinkai.org.br\/wp_expo\/wp-content\/uploads\/expo2025_sq480_MarcosRyo_1_GuardiaoDaMemoria.png",480,480,false],"large":["https:\/\/gifukenjinkai.org.br\/wp_expo\/wp-content\/uploads\/expo2025_sq480_MarcosRyo_1_GuardiaoDaMemoria.png",480,480,false],"1536x1536":["https:\/\/gifukenjinkai.org.br\/wp_expo\/wp-content\/uploads\/expo2025_sq480_MarcosRyo_1_GuardiaoDaMemoria.png",480,480,false],"2048x2048":["https:\/\/gifukenjinkai.org.br\/wp_expo\/wp-content\/uploads\/expo2025_sq480_MarcosRyo_1_GuardiaoDaMemoria.png",480,480,false]},"uagb_author_info":{"display_name":"mty","author_link":"https:\/\/gifukenjinkai.org.br\/21expo\/author\/mty\/"},"uagb_comment_info":0,"uagb_excerpt":"2023[xyz-ihs snippet=\"tecnicaMista\"]23cm x 17cm Marcos Ryo(\u30de\u30eb\u30b3\u30b9 \u4eae) [xyz-ihs snippet=\"tagMembroComite-S\"]","_links":{"self":[{"href":"https:\/\/gifukenjinkai.org.br\/21expo\/wp-json\/wp\/v2\/posts\/2321","targetHints":{"allow":["GET"]}}],"collection":[{"href":"https:\/\/gifukenjinkai.org.br\/21expo\/wp-json\/wp\/v2\/posts"}],"about":[{"href":"https:\/\/gifukenjinkai.org.br\/21expo\/wp-json\/wp\/v2\/types\/post"}],"author":[{"embeddable":true,"href":"https:\/\/gifukenjinkai.org.br\/21expo\/wp-json\/wp\/v2\/users\/5"}],"replies":[{"embeddable":true,"href":"https:\/\/gifukenjinkai.org.br\/21expo\/wp-json\/wp\/v2\/comments?post=2321"}],"version-history":[{"count":3,"href":"https:\/\/gifukenjinkai.org.br\/21expo\/wp-json\/wp\/v2\/posts\/2321\/revisions"}],"predecessor-version":[{"id":2631,"href":"https:\/\/gifukenjinkai.org.br\/21expo\/wp-json\/wp\/v2\/posts\/2321\/revisions\/2631"}],"wp:featuredmedia":[{"embeddable":true,"href":"https:\/\/gifukenjinkai.org.br\/21expo\/wp-json\/wp\/v2\/media\/1991"}],"wp:attachment":[{"href":"https:\/\/gifukenjinkai.org.br\/21expo\/wp-json\/wp\/v2\/media?parent=2321"}],"wp:term":[{"taxonomy":"category","embeddable":true,"href":"https:\/\/gifukenjinkai.org.br\/21expo\/wp-json\/wp\/v2\/categories?post=2321"},{"taxonomy":"post_tag","embeddable":true,"href":"https:\/\/gifukenjinkai.org.br\/21expo\/wp-json\/wp\/v2\/tags?post=2321"}],"curies":[{"name":"wp","href":"https:\/\/api.w.org\/{rel}","templated":true}]}}