{"id":2319,"date":"2025-11-09T19:35:43","date_gmt":"2025-11-09T22:35:43","guid":{"rendered":"https:\/\/gifukenjinkai.org.br\/21expo\/?p=2319"},"modified":"2025-11-09T19:35:43","modified_gmt":"2025-11-09T22:35:43","slug":"ribeiradasnaus","status":"publish","type":"post","link":"https:\/\/gifukenjinkai.org.br\/21expo\/artist-mz\/marcosaopedro\/ribeiradasnaus\/","title":{"rendered":"Ribeira das Naus"},"content":{"rendered":"\n<figure class=\"wp-block-image size-full\"><img loading=\"lazy\" decoding=\"async\" width=\"2160\" height=\"1583\" src=\"https:\/\/gifukenjinkai.org.br\/wp_expo\/wp-content\/uploads\/expo2025_art_MarcoSaoPedro_1_RibeiraDasNaus_conv2K.jpg\" alt=\"\" class=\"wp-image-1902\" srcset=\"https:\/\/gifukenjinkai.org.br\/wp_expo\/wp-content\/uploads\/expo2025_art_MarcoSaoPedro_1_RibeiraDasNaus_conv2K.jpg 2160w, https:\/\/gifukenjinkai.org.br\/wp_expo\/wp-content\/uploads\/expo2025_art_MarcoSaoPedro_1_RibeiraDasNaus_conv2K-300x220.jpg 300w, https:\/\/gifukenjinkai.org.br\/wp_expo\/wp-content\/uploads\/expo2025_art_MarcoSaoPedro_1_RibeiraDasNaus_conv2K-1024x750.jpg 1024w, https:\/\/gifukenjinkai.org.br\/wp_expo\/wp-content\/uploads\/expo2025_art_MarcoSaoPedro_1_RibeiraDasNaus_conv2K-768x563.jpg 768w, https:\/\/gifukenjinkai.org.br\/wp_expo\/wp-content\/uploads\/expo2025_art_MarcoSaoPedro_1_RibeiraDasNaus_conv2K-1536x1126.jpg 1536w, https:\/\/gifukenjinkai.org.br\/wp_expo\/wp-content\/uploads\/expo2025_art_MarcoSaoPedro_1_RibeiraDasNaus_conv2K-2048x1501.jpg 2048w\" sizes=\"auto, (max-width: 2160px) 100vw, 2160px\" \/><\/figure>\n\n\n\n<p>2015<br><br>57cm x 77cm<\/p>\n\n\n\n<hr class=\"wp-block-separator has-alpha-channel-opacity\"\/>\n\n\n<div data-post-id=\"2103\" class=\"insert-page insert-page-2103 \">\n<h2 class=\"wp-block-heading\">MARCO S\u00c3O PEDRO<br>(\u30de\u30eb\u30b3\uff65\u30b5\u30a5\u30f3\uff65\u30da\u30c9\u30ed)<\/h2>\n\n\n\n<p class=\"has-text-align-right\" style=\"font-size:16px\"> <a href=\"https:\/\/www.instagram.com\/marcosaopedro\" data-type=\"link\" data-id=\"https:\/\/www.instagram.com\/anatrevisanart\" target=\"_blank\" rel=\"noreferrer noopener\">marcosaopedro<\/a><\/p>\n\n\n\n<p>(S\u00e3o Paulo, 1957)<br>Graduado em 1980 pela Escola Superior de Propaganda e Marketing em cria\u00e7\u00e3o publicit\u00e1ria, come\u00e7ou a estagiar e trabalhar em est\u00fadios de ag\u00eancias de propaganda ao mesmo tempo em que cursava a faculdade, produzindo layouts, artes finais e ilustra\u00e7\u00f5es.<br>Posteriormente fez estudos independentes em desenho e pintura na Academia de Arte de San Francisco, Estados Unidos, retornando ao Brasil e trabalhando em est\u00fadio pr\u00f3prio com ilustra\u00e7\u00e3o editorial e publicit\u00e1ria. <br>Passou a dedicar-se mais nas artes pl\u00e1sticas e exposi\u00e7\u00f5es de 2002 at\u00e9 o presente. <br>Frequenta a Associa\u00e7\u00e3o Paulista de Belas Artes desde 2018 em sess\u00f5es de desenho de modelo vivo e exposi\u00e7\u00f5es.<\/p>\n\n\n\n<div style=\"height:64px\" aria-hidden=\"true\" class=\"wp-block-spacer\"><\/div>\n\n\n<ul class=\"wp-block-latest-posts__list is-grid columns-3 wp-block-latest-posts\"><li><div class=\"wp-block-latest-posts__featured-image\"><a href=\"https:\/\/gifukenjinkai.org.br\/21expo\/artist-mz\/marcosaopedro\/ribeiradasnaus\/\" aria-label=\"Ribeira das Naus\"><img loading=\"lazy\" decoding=\"async\" width=\"150\" height=\"150\" src=\"https:\/\/gifukenjinkai.org.br\/wp_expo\/wp-content\/uploads\/expo2025_sq480_MarcoSaoPedro_1_RibeiraDasNaus-150x150.png\" class=\"attachment-thumbnail size-thumbnail wp-post-image\" alt=\"\" style=\"\" srcset=\"https:\/\/gifukenjinkai.org.br\/wp_expo\/wp-content\/uploads\/expo2025_sq480_MarcoSaoPedro_1_RibeiraDasNaus-150x150.png 150w, https:\/\/gifukenjinkai.org.br\/wp_expo\/wp-content\/uploads\/expo2025_sq480_MarcoSaoPedro_1_RibeiraDasNaus-300x300.png 300w, https:\/\/gifukenjinkai.org.br\/wp_expo\/wp-content\/uploads\/expo2025_sq480_MarcoSaoPedro_1_RibeiraDasNaus.png 480w\" sizes=\"auto, (max-width: 150px) 100vw, 150px\" \/><\/a><\/div><a class=\"wp-block-latest-posts__post-title\" href=\"https:\/\/gifukenjinkai.org.br\/21expo\/artist-mz\/marcosaopedro\/ribeiradasnaus\/\">Ribeira das Naus<\/a><\/li>\n<\/ul>\n\n\n<p><\/p>\n<\/div>\n\n\n<p><\/p>\n","protected":false},"excerpt":{"rendered":"<p>2015<br \/>[xyz-ihs snippet=\"tecnicaAquarela\"]<br \/>57cm x 77cm<\/p>\n<p>Marco S\u00e3o Pedro<br \/>(\u30de\u30eb\u30b3\uff65\u30b5\u30a5\u30f3\uff65\u30da\u30c9\u30ed)<\/p>\n","protected":false},"author":5,"featured_media":1990,"comment_status":"closed","ping_status":"open","sticky":false,"template":"","format":"standard","meta":{"_uag_custom_page_level_css":"","site-sidebar-layout":"default","site-content-layout":"","ast-site-content-layout":"default","site-content-style":"default","site-sidebar-style":"default","ast-global-header-display":"","ast-banner-title-visibility":"","ast-main-header-display":"","ast-hfb-above-header-display":"","ast-hfb-below-header-display":"","ast-hfb-mobile-header-display":"","site-post-title":"","ast-breadcrumbs-content":"","ast-featured-img":"disabled","footer-sml-layout":"","ast-disable-related-posts":"","theme-transparent-header-meta":"","adv-header-id-meta":"","stick-header-meta":"","header-above-stick-meta":"","header-main-stick-meta":"","header-below-stick-meta":"","astra-migrate-meta-layouts":"default","ast-page-background-enabled":"default","ast-page-background-meta":{"desktop":{"background-color":"var(--ast-global-color-4)","background-image":"","background-repeat":"repeat","background-position":"center center","background-size":"auto","background-attachment":"scroll","background-type":"","background-media":"","overlay-type":"","overlay-color":"","overlay-opacity":"","overlay-gradient":""},"tablet":{"background-color":"","background-image":"","background-repeat":"repeat","background-position":"center center","background-size":"auto","background-attachment":"scroll","background-type":"","background-media":"","overlay-type":"","overlay-color":"","overlay-opacity":"","overlay-gradient":""},"mobile":{"background-color":"","background-image":"","background-repeat":"repeat","background-position":"center center","background-size":"auto","background-attachment":"scroll","background-type":"","background-media":"","overlay-type":"","overlay-color":"","overlay-opacity":"","overlay-gradient":""}},"ast-content-background-meta":{"desktop":{"background-color":"var(--ast-global-color-5)","background-image":"","background-repeat":"repeat","background-position":"center center","background-size":"auto","background-attachment":"scroll","background-type":"","background-media":"","overlay-type":"","overlay-color":"","overlay-opacity":"","overlay-gradient":""},"tablet":{"background-color":"var(--ast-global-color-5)","background-image":"","background-repeat":"repeat","background-position":"center center","background-size":"auto","background-attachment":"scroll","background-type":"","background-media":"","overlay-type":"","overlay-color":"","overlay-opacity":"","overlay-gradient":""},"mobile":{"background-color":"var(--ast-global-color-5)","background-image":"","background-repeat":"repeat","background-position":"center center","background-size":"auto","background-attachment":"scroll","background-type":"","background-media":"","overlay-type":"","overlay-color":"","overlay-opacity":"","overlay-gradient":""}},"footnotes":""},"categories":[97],"tags":[],"class_list":["post-2319","post","type-post","status-publish","format-standard","has-post-thumbnail","hentry","category-marcosaopedro"],"uagb_featured_image_src":{"full":["https:\/\/gifukenjinkai.org.br\/wp_expo\/wp-content\/uploads\/expo2025_sq480_MarcoSaoPedro_1_RibeiraDasNaus.png",480,480,false],"thumbnail":["https:\/\/gifukenjinkai.org.br\/wp_expo\/wp-content\/uploads\/expo2025_sq480_MarcoSaoPedro_1_RibeiraDasNaus-150x150.png",150,150,true],"medium":["https:\/\/gifukenjinkai.org.br\/wp_expo\/wp-content\/uploads\/expo2025_sq480_MarcoSaoPedro_1_RibeiraDasNaus-300x300.png",300,300,true],"medium_large":["https:\/\/gifukenjinkai.org.br\/wp_expo\/wp-content\/uploads\/expo2025_sq480_MarcoSaoPedro_1_RibeiraDasNaus.png",480,480,false],"large":["https:\/\/gifukenjinkai.org.br\/wp_expo\/wp-content\/uploads\/expo2025_sq480_MarcoSaoPedro_1_RibeiraDasNaus.png",480,480,false],"1536x1536":["https:\/\/gifukenjinkai.org.br\/wp_expo\/wp-content\/uploads\/expo2025_sq480_MarcoSaoPedro_1_RibeiraDasNaus.png",480,480,false],"2048x2048":["https:\/\/gifukenjinkai.org.br\/wp_expo\/wp-content\/uploads\/expo2025_sq480_MarcoSaoPedro_1_RibeiraDasNaus.png",480,480,false]},"uagb_author_info":{"display_name":"mty","author_link":"https:\/\/gifukenjinkai.org.br\/21expo\/author\/mty\/"},"uagb_comment_info":0,"uagb_excerpt":"2015[xyz-ihs snippet=\"tecnicaAquarela\"]57cm x 77cm Marco S\u00e3o Pedro(\u30de\u30eb\u30b3\uff65\u30b5\u30a5\u30f3\uff65\u30da\u30c9\u30ed)","_links":{"self":[{"href":"https:\/\/gifukenjinkai.org.br\/21expo\/wp-json\/wp\/v2\/posts\/2319","targetHints":{"allow":["GET"]}}],"collection":[{"href":"https:\/\/gifukenjinkai.org.br\/21expo\/wp-json\/wp\/v2\/posts"}],"about":[{"href":"https:\/\/gifukenjinkai.org.br\/21expo\/wp-json\/wp\/v2\/types\/post"}],"author":[{"embeddable":true,"href":"https:\/\/gifukenjinkai.org.br\/21expo\/wp-json\/wp\/v2\/users\/5"}],"replies":[{"embeddable":true,"href":"https:\/\/gifukenjinkai.org.br\/21expo\/wp-json\/wp\/v2\/comments?post=2319"}],"version-history":[{"count":1,"href":"https:\/\/gifukenjinkai.org.br\/21expo\/wp-json\/wp\/v2\/posts\/2319\/revisions"}],"predecessor-version":[{"id":2320,"href":"https:\/\/gifukenjinkai.org.br\/21expo\/wp-json\/wp\/v2\/posts\/2319\/revisions\/2320"}],"wp:featuredmedia":[{"embeddable":true,"href":"https:\/\/gifukenjinkai.org.br\/21expo\/wp-json\/wp\/v2\/media\/1990"}],"wp:attachment":[{"href":"https:\/\/gifukenjinkai.org.br\/21expo\/wp-json\/wp\/v2\/media?parent=2319"}],"wp:term":[{"taxonomy":"category","embeddable":true,"href":"https:\/\/gifukenjinkai.org.br\/21expo\/wp-json\/wp\/v2\/categories?post=2319"},{"taxonomy":"post_tag","embeddable":true,"href":"https:\/\/gifukenjinkai.org.br\/21expo\/wp-json\/wp\/v2\/tags?post=2319"}],"curies":[{"name":"wp","href":"https:\/\/api.w.org\/{rel}","templated":true}]}}