{"id":2266,"date":"2025-11-09T18:42:37","date_gmt":"2025-11-09T21:42:37","guid":{"rendered":"https:\/\/gifukenjinkai.org.br\/21expo\/?p=2266"},"modified":"2025-11-09T18:42:37","modified_gmt":"2025-11-09T21:42:37","slug":"oxidacaodoamanha","status":"publish","type":"post","link":"https:\/\/gifukenjinkai.org.br\/21expo\/artist-al\/elianeconsalter\/oxidacaodoamanha\/","title":{"rendered":"Oxida\u00e7\u00e3o do Amanh\u00e3"},"content":{"rendered":"\n<figure class=\"wp-block-image size-full\"><img loading=\"lazy\" decoding=\"async\" width=\"2150\" height=\"2160\" src=\"https:\/\/gifukenjinkai.org.br\/wp_expo\/wp-content\/uploads\/expo2025_art_ElianeConsalter_2_OxidacaoDoAmanha_conv2K.jpg\" alt=\"\" class=\"wp-image-1878\" srcset=\"https:\/\/gifukenjinkai.org.br\/wp_expo\/wp-content\/uploads\/expo2025_art_ElianeConsalter_2_OxidacaoDoAmanha_conv2K.jpg 2150w, https:\/\/gifukenjinkai.org.br\/wp_expo\/wp-content\/uploads\/expo2025_art_ElianeConsalter_2_OxidacaoDoAmanha_conv2K-300x300.jpg 300w, https:\/\/gifukenjinkai.org.br\/wp_expo\/wp-content\/uploads\/expo2025_art_ElianeConsalter_2_OxidacaoDoAmanha_conv2K-1019x1024.jpg 1019w, https:\/\/gifukenjinkai.org.br\/wp_expo\/wp-content\/uploads\/expo2025_art_ElianeConsalter_2_OxidacaoDoAmanha_conv2K-150x150.jpg 150w, https:\/\/gifukenjinkai.org.br\/wp_expo\/wp-content\/uploads\/expo2025_art_ElianeConsalter_2_OxidacaoDoAmanha_conv2K-768x772.jpg 768w, https:\/\/gifukenjinkai.org.br\/wp_expo\/wp-content\/uploads\/expo2025_art_ElianeConsalter_2_OxidacaoDoAmanha_conv2K-1529x1536.jpg 1529w, https:\/\/gifukenjinkai.org.br\/wp_expo\/wp-content\/uploads\/expo2025_art_ElianeConsalter_2_OxidacaoDoAmanha_conv2K-2039x2048.jpg 2039w\" sizes=\"auto, (max-width: 2150px) 100vw, 2150px\" \/><\/figure>\n\n\n\n<p>2024<br><br>80cm x 80cm<\/p>\n\n\n\n<hr class=\"wp-block-separator has-alpha-channel-opacity\"\/>\n\n\n<div data-post-id=\"2067\" class=\"insert-page insert-page-2067 \">\n<h2 class=\"wp-block-heading\">ELIANE CONSALTER<br>(\u30a8\u30ea\u30a2\u30cd\uff65\u30b3\u30f3\u30b5\u30eb\u30c6\u30eb)<\/h2>\n\n\n\n<p class=\"has-text-align-right\"> <a href=\"https:\/\/www.instagram.com\/elianeconsalterart\" data-type=\"link\" data-id=\"https:\/\/www.instagram.com\/anatrevisanart\" target=\"_blank\" rel=\"noreferrer noopener\">elianeconsalterart<\/a><\/p>\n\n\n\n<p>Eliane Consalter, Corn\u00e9lio Proc\u00f3pio, Pr. Ainda menina mudamos para Londrina, PR, onde morei por muitos anos. Passo a morar em S\u00e3o Paulo, SP, a partir de 2007.<br>Minha obra atravessa fotografia, pintura e instala\u00e7\u00e3o em um processo permanente de revisitar o tempo. Reencontro imagens anal\u00f3gicas feitas a mais de vinte anos, corto telas, inscrevo suturas e ru\u00eddos, tudo \u00e9 luz, corpo, aus\u00eancia, presen\u00e7a e mem\u00f3ria.<br>Nesta s\u00e9rie, Ru\u00eddo e Ru\u00edna, \u00e9 como se fosse uma cartografia emocional das cidades em colapso, onde paredes guardam ecos do que j\u00e1 foi e ressoam com as pulsa\u00e7\u00f5es do que ainda persiste. As pinturas funcionam como camadas arqueol\u00f3gicas de cor, revelando um tempo comprimido, em que passado e presente coexistem na mesma superf\u00edcie. N\u00e3o h\u00e1 come\u00e7o nem fim, apenas a vibra\u00e7\u00e3o cont\u00ednua de uma mat\u00e9ria que se transforma.<br><br>Experi\u00eancia profissional<br>Desde 2023 &#8211; Mentoria com o Curador, cr\u00edtico de arte e jornalista, Oscar D\u2019Ambrosio.<br>2020 &#8211; Curso livre com Sergio Firguerman.<br>2000 &#8211; UEL, Universidade Estadual de Londrina, PR, P\u00f3s-Gradua\u00e7\u00e3o em Fotografia.<br>1980 &#8211; Faculdade Santa Marcelina, S\u00e3o Paulo, SP, Gradua\u00e7\u00e3o em Artes Pl\u00e1sticas.<br>!978 &#8211; UEL, Universidade de Londrina, PR, Licenciatura em Educa\u00e7\u00e3o Art\u00edstica.<br><br>Principais exposi\u00e7\u00f5es coletivas<br>2024 &#8211; Galeria Laco, Ocean Week, Memorial da Am\u00earica Latina, S\u00e3o Paulo, SP.<br>2023 &#8211; XXXV Sal\u00e3o de Artes de Arceburgo, MG.<br>2000 &#8211; Museu de Arte de Londrina , PR, Exposi\u00e7\u00e3o &#8220;Brasil 500 anos&#8221;<br>1999 &#8211; Ateli\u00ea Semana de 22.<\/p>\n\n\n\n<div style=\"height:64px\" aria-hidden=\"true\" class=\"wp-block-spacer\"><\/div>\n\n\n<ul class=\"wp-block-latest-posts__list is-grid columns-3 wp-block-latest-posts\"><li><div class=\"wp-block-latest-posts__featured-image\"><a href=\"https:\/\/gifukenjinkai.org.br\/21expo\/artist-al\/elianeconsalter\/oxidacaodoamanha\/\" aria-label=\"Oxida\u00e7\u00e3o do Amanh\u00e3\"><img loading=\"lazy\" decoding=\"async\" width=\"150\" height=\"150\" src=\"https:\/\/gifukenjinkai.org.br\/wp_expo\/wp-content\/uploads\/expo2025_sq480_ElianeConsalter_2_OxidacaoDoAmanha-150x150.png\" class=\"attachment-thumbnail size-thumbnail wp-post-image\" alt=\"\" style=\"\" srcset=\"https:\/\/gifukenjinkai.org.br\/wp_expo\/wp-content\/uploads\/expo2025_sq480_ElianeConsalter_2_OxidacaoDoAmanha-150x150.png 150w, https:\/\/gifukenjinkai.org.br\/wp_expo\/wp-content\/uploads\/expo2025_sq480_ElianeConsalter_2_OxidacaoDoAmanha-300x300.png 300w, https:\/\/gifukenjinkai.org.br\/wp_expo\/wp-content\/uploads\/expo2025_sq480_ElianeConsalter_2_OxidacaoDoAmanha.png 480w\" sizes=\"auto, (max-width: 150px) 100vw, 150px\" \/><\/a><\/div><a class=\"wp-block-latest-posts__post-title\" href=\"https:\/\/gifukenjinkai.org.br\/21expo\/artist-al\/elianeconsalter\/oxidacaodoamanha\/\">Oxida\u00e7\u00e3o do Amanh\u00e3<\/a><\/li>\n<li><div class=\"wp-block-latest-posts__featured-image\"><a href=\"https:\/\/gifukenjinkai.org.br\/21expo\/artist-al\/elianeconsalter\/cidadesuspensa\/\" aria-label=\"Cidade Suspensa\"><img loading=\"lazy\" decoding=\"async\" width=\"150\" height=\"150\" src=\"https:\/\/gifukenjinkai.org.br\/wp_expo\/wp-content\/uploads\/expo2025_sq480_ElianeConsalter_1_CidadeSuspensa-150x150.png\" class=\"attachment-thumbnail size-thumbnail wp-post-image\" alt=\"\" style=\"\" srcset=\"https:\/\/gifukenjinkai.org.br\/wp_expo\/wp-content\/uploads\/expo2025_sq480_ElianeConsalter_1_CidadeSuspensa-150x150.png 150w, https:\/\/gifukenjinkai.org.br\/wp_expo\/wp-content\/uploads\/expo2025_sq480_ElianeConsalter_1_CidadeSuspensa-300x300.png 300w, https:\/\/gifukenjinkai.org.br\/wp_expo\/wp-content\/uploads\/expo2025_sq480_ElianeConsalter_1_CidadeSuspensa.png 480w\" sizes=\"auto, (max-width: 150px) 100vw, 150px\" \/><\/a><\/div><a class=\"wp-block-latest-posts__post-title\" href=\"https:\/\/gifukenjinkai.org.br\/21expo\/artist-al\/elianeconsalter\/cidadesuspensa\/\">Cidade Suspensa<\/a><\/li>\n<\/ul>\n\n\n<p><\/p>\n<\/div>\n\n\n<p><\/p>\n","protected":false},"excerpt":{"rendered":"<p>2024<br \/>[xyz-ihs snippet=\"tecnicaAcrilica\"]<br \/>80cm x 80cm<\/p>\n<p>Eliane Consalter<br \/>(\u30a8\u30ea\u30a2\u30cd\uff65\u30b3\u30f3\u30b5\u30eb\u30c6\u30eb)<\/p>\n","protected":false},"author":5,"featured_media":1967,"comment_status":"closed","ping_status":"open","sticky":false,"template":"","format":"standard","meta":{"_uag_custom_page_level_css":"","site-sidebar-layout":"default","site-content-layout":"","ast-site-content-layout":"default","site-content-style":"default","site-sidebar-style":"default","ast-global-header-display":"","ast-banner-title-visibility":"","ast-main-header-display":"","ast-hfb-above-header-display":"","ast-hfb-below-header-display":"","ast-hfb-mobile-header-display":"","site-post-title":"","ast-breadcrumbs-content":"","ast-featured-img":"disabled","footer-sml-layout":"","ast-disable-related-posts":"","theme-transparent-header-meta":"","adv-header-id-meta":"","stick-header-meta":"","header-above-stick-meta":"","header-main-stick-meta":"","header-below-stick-meta":"","astra-migrate-meta-layouts":"default","ast-page-background-enabled":"default","ast-page-background-meta":{"desktop":{"background-color":"var(--ast-global-color-4)","background-image":"","background-repeat":"repeat","background-position":"center center","background-size":"auto","background-attachment":"scroll","background-type":"","background-media":"","overlay-type":"","overlay-color":"","overlay-opacity":"","overlay-gradient":""},"tablet":{"background-color":"","background-image":"","background-repeat":"repeat","background-position":"center center","background-size":"auto","background-attachment":"scroll","background-type":"","background-media":"","overlay-type":"","overlay-color":"","overlay-opacity":"","overlay-gradient":""},"mobile":{"background-color":"","background-image":"","background-repeat":"repeat","background-position":"center center","background-size":"auto","background-attachment":"scroll","background-type":"","background-media":"","overlay-type":"","overlay-color":"","overlay-opacity":"","overlay-gradient":""}},"ast-content-background-meta":{"desktop":{"background-color":"var(--ast-global-color-5)","background-image":"","background-repeat":"repeat","background-position":"center center","background-size":"auto","background-attachment":"scroll","background-type":"","background-media":"","overlay-type":"","overlay-color":"","overlay-opacity":"","overlay-gradient":""},"tablet":{"background-color":"var(--ast-global-color-5)","background-image":"","background-repeat":"repeat","background-position":"center center","background-size":"auto","background-attachment":"scroll","background-type":"","background-media":"","overlay-type":"","overlay-color":"","overlay-opacity":"","overlay-gradient":""},"mobile":{"background-color":"var(--ast-global-color-5)","background-image":"","background-repeat":"repeat","background-position":"center center","background-size":"auto","background-attachment":"scroll","background-type":"","background-media":"","overlay-type":"","overlay-color":"","overlay-opacity":"","overlay-gradient":""}},"footnotes":""},"categories":[85],"tags":[],"class_list":["post-2266","post","type-post","status-publish","format-standard","has-post-thumbnail","hentry","category-elianeconsalter"],"uagb_featured_image_src":{"full":["https:\/\/gifukenjinkai.org.br\/wp_expo\/wp-content\/uploads\/expo2025_sq480_ElianeConsalter_2_OxidacaoDoAmanha.png",480,480,false],"thumbnail":["https:\/\/gifukenjinkai.org.br\/wp_expo\/wp-content\/uploads\/expo2025_sq480_ElianeConsalter_2_OxidacaoDoAmanha-150x150.png",150,150,true],"medium":["https:\/\/gifukenjinkai.org.br\/wp_expo\/wp-content\/uploads\/expo2025_sq480_ElianeConsalter_2_OxidacaoDoAmanha-300x300.png",300,300,true],"medium_large":["https:\/\/gifukenjinkai.org.br\/wp_expo\/wp-content\/uploads\/expo2025_sq480_ElianeConsalter_2_OxidacaoDoAmanha.png",480,480,false],"large":["https:\/\/gifukenjinkai.org.br\/wp_expo\/wp-content\/uploads\/expo2025_sq480_ElianeConsalter_2_OxidacaoDoAmanha.png",480,480,false],"1536x1536":["https:\/\/gifukenjinkai.org.br\/wp_expo\/wp-content\/uploads\/expo2025_sq480_ElianeConsalter_2_OxidacaoDoAmanha.png",480,480,false],"2048x2048":["https:\/\/gifukenjinkai.org.br\/wp_expo\/wp-content\/uploads\/expo2025_sq480_ElianeConsalter_2_OxidacaoDoAmanha.png",480,480,false]},"uagb_author_info":{"display_name":"mty","author_link":"https:\/\/gifukenjinkai.org.br\/21expo\/author\/mty\/"},"uagb_comment_info":0,"uagb_excerpt":"2024[xyz-ihs snippet=\"tecnicaAcrilica\"]80cm x 80cm Eliane Consalter(\u30a8\u30ea\u30a2\u30cd\uff65\u30b3\u30f3\u30b5\u30eb\u30c6\u30eb)","_links":{"self":[{"href":"https:\/\/gifukenjinkai.org.br\/21expo\/wp-json\/wp\/v2\/posts\/2266","targetHints":{"allow":["GET"]}}],"collection":[{"href":"https:\/\/gifukenjinkai.org.br\/21expo\/wp-json\/wp\/v2\/posts"}],"about":[{"href":"https:\/\/gifukenjinkai.org.br\/21expo\/wp-json\/wp\/v2\/types\/post"}],"author":[{"embeddable":true,"href":"https:\/\/gifukenjinkai.org.br\/21expo\/wp-json\/wp\/v2\/users\/5"}],"replies":[{"embeddable":true,"href":"https:\/\/gifukenjinkai.org.br\/21expo\/wp-json\/wp\/v2\/comments?post=2266"}],"version-history":[{"count":1,"href":"https:\/\/gifukenjinkai.org.br\/21expo\/wp-json\/wp\/v2\/posts\/2266\/revisions"}],"predecessor-version":[{"id":2267,"href":"https:\/\/gifukenjinkai.org.br\/21expo\/wp-json\/wp\/v2\/posts\/2266\/revisions\/2267"}],"wp:featuredmedia":[{"embeddable":true,"href":"https:\/\/gifukenjinkai.org.br\/21expo\/wp-json\/wp\/v2\/media\/1967"}],"wp:attachment":[{"href":"https:\/\/gifukenjinkai.org.br\/21expo\/wp-json\/wp\/v2\/media?parent=2266"}],"wp:term":[{"taxonomy":"category","embeddable":true,"href":"https:\/\/gifukenjinkai.org.br\/21expo\/wp-json\/wp\/v2\/categories?post=2266"},{"taxonomy":"post_tag","embeddable":true,"href":"https:\/\/gifukenjinkai.org.br\/21expo\/wp-json\/wp\/v2\/tags?post=2266"}],"curies":[{"name":"wp","href":"https:\/\/api.w.org\/{rel}","templated":true}]}}